{"id":853,"date":"2023-11-23T07:24:25","date_gmt":"2023-11-23T07:24:25","guid":{"rendered":"https:\/\/rautila.fi\/?p=853"},"modified":"2023-11-23T07:51:38","modified_gmt":"2023-11-23T07:51:38","slug":"seinakalenteri-2024-ilmestynyt","status":"publish","type":"post","link":"https:\/\/rautila.fi\/index.php\/2023\/11\/23\/seinakalenteri-2024-ilmestynyt\/","title":{"rendered":"Sein\u00e4kalenteri 2024 ilmestynyt"},"content":{"rendered":"\n<p>Paikallisia valokuvia sis\u00e4lt\u00e4v\u00e4 sein\u00e4kalenteri nimi- ja juhlap\u00e4iv\u00e4tiedoin on j\u00e4lleen ilmestynyt vuodelle 2024. <strong>Kalenteri on myynniss\u00e4 hintaan 10 \u20ac<\/strong>: <br>&#8211; Vehmaan joulunavaustapahtumassa 24.11. klo 17-19 teltassamme Vinkkil\u00e4n tapahtuma-aukiolla<br>&#8211; Lahdingon kyl\u00e4yhdistyksen myyj\u00e4isiss\u00e4 la 25.11. klo 11-13 Lahdingon kyl\u00e4talolla<br>&#8211; Hyv\u00e4n mielen joulumyyj\u00e4isiss\u00e4 la 9.12. klo 11-15 Mietoisten maamiesseurantalolla<br>&#8211; saunalla perjantai-iltaisin<br>&#8211; ottamalla yhteytt\u00e4 p. 040 551 2415 \/ Eeva<\/p>\n\n\n\n<p>Vehmaalaiset yritt\u00e4j\u00e4t ovat tukeneet toimintaamme ostamalla mainostilaa kalenteristamme. Sein\u00e4kalenterissa on my\u00f6s paikalliset valokuvat. L\u00e4mmin kiitos kaikille kalenterin tekoa avustaneille, niin mainostilan ostaneille kuin kuvamateriaalia antaneille!<\/p>\n\n\n\n<figure class=\"wp-block-image size-large\"><img loading=\"lazy\" decoding=\"async\" width=\"1024\" height=\"722\" src=\"https:\/\/rautila.fi\/wp-content\/uploads\/2023\/11\/20231121_221421-1024x722.jpg\" alt=\"kalenteri2024\" class=\"wp-image-855\" srcset=\"https:\/\/rautila.fi\/wp-content\/uploads\/2023\/11\/20231121_221421-1024x722.jpg 1024w, https:\/\/rautila.fi\/wp-content\/uploads\/2023\/11\/20231121_221421-300x211.jpg 300w, https:\/\/rautila.fi\/wp-content\/uploads\/2023\/11\/20231121_221421-768x541.jpg 768w, https:\/\/rautila.fi\/wp-content\/uploads\/2023\/11\/20231121_221421-1536x1083.jpg 1536w, https:\/\/rautila.fi\/wp-content\/uploads\/2023\/11\/20231121_221421-2048x1443.jpg 2048w\" sizes=\"auto, (max-width: 1024px) 100vw, 1024px\" \/><figcaption class=\"wp-element-caption\">Sein\u00e4kalenteri 2024<\/figcaption><\/figure>\n","protected":false},"excerpt":{"rendered":"<p>Paikallisia valokuvia sis\u00e4lt\u00e4v\u00e4 sein\u00e4kalenteri nimi- ja juhlap\u00e4iv\u00e4tiedoin on j\u00e4lleen ilmestynyt vuodelle 2024. Kalenteri on myynniss\u00e4 hintaan 10 \u20ac: &#8211; Vehmaan joulunavaustapahtumassa 24.11. klo 17-19 teltassamme Vinkkil\u00e4n tapahtuma-aukiolla&#8211; Lahdingon kyl\u00e4yhdistyksen myyj\u00e4isiss\u00e4 la 25.11. klo 11-13 Lahdingon kyl\u00e4talolla&#8211; Hyv\u00e4n mielen joulumyyj\u00e4isiss\u00e4 la &hellip; <a href=\"https:\/\/rautila.fi\/index.php\/2023\/11\/23\/seinakalenteri-2024-ilmestynyt\/\">Lue loppuun <span class=\"meta-nav\">&rarr;<\/span><\/a><\/p>\n","protected":false},"author":2,"featured_media":0,"comment_status":"closed","ping_status":"closed","sticky":false,"template":"","format":"standard","meta":{"footnotes":""},"categories":[3],"tags":[],"class_list":["post-853","post","type-post","status-publish","format-standard","hentry","category-ajankohtaista"],"jetpack_featured_media_url":"","_links":{"self":[{"href":"https:\/\/rautila.fi\/index.php\/wp-json\/wp\/v2\/posts\/853","targetHints":{"allow":["GET"]}}],"collection":[{"href":"https:\/\/rautila.fi\/index.php\/wp-json\/wp\/v2\/posts"}],"about":[{"href":"https:\/\/rautila.fi\/index.php\/wp-json\/wp\/v2\/types\/post"}],"author":[{"embeddable":true,"href":"https:\/\/rautila.fi\/index.php\/wp-json\/wp\/v2\/users\/2"}],"replies":[{"embeddable":true,"href":"https:\/\/rautila.fi\/index.php\/wp-json\/wp\/v2\/comments?post=853"}],"version-history":[{"count":3,"href":"https:\/\/rautila.fi\/index.php\/wp-json\/wp\/v2\/posts\/853\/revisions"}],"predecessor-version":[{"id":860,"href":"https:\/\/rautila.fi\/index.php\/wp-json\/wp\/v2\/posts\/853\/revisions\/860"}],"wp:attachment":[{"href":"https:\/\/rautila.fi\/index.php\/wp-json\/wp\/v2\/media?parent=853"}],"wp:term":[{"taxonomy":"category","embeddable":true,"href":"https:\/\/rautila.fi\/index.php\/wp-json\/wp\/v2\/categories?post=853"},{"taxonomy":"post_tag","embeddable":true,"href":"https:\/\/rautila.fi\/index.php\/wp-json\/wp\/v2\/tags?post=853"}],"curies":[{"name":"wp","href":"https:\/\/api.w.org\/{rel}","templated":true}]}}