{"id":1049,"date":"2025-01-05T10:49:58","date_gmt":"2025-01-05T10:49:58","guid":{"rendered":"https:\/\/rautila.fi\/?p=1049"},"modified":"2025-03-04T10:28:43","modified_gmt":"2025-03-04T10:28:43","slug":"irjalan-luistelukentta-avattu","status":"publish","type":"post","link":"https:\/\/rautila.fi\/index.php\/2025\/01\/05\/irjalan-luistelukentta-avattu\/","title":{"rendered":"Luistelukausi t\u00e4lt\u00e4 talvelta p\u00e4\u00e4ttynyt"},"content":{"rendered":"\r\n<p>Luistelukausi p\u00e4\u00e4ttynyt maaliskuu 2025.<\/p>\r\n<p>Suuri kiitos kent\u00e4n j\u00e4\u00e4dytt\u00e4jille!<\/p>\r\n<p>&nbsp;<\/p>\r\n<p>Irjalan kentt\u00e4 on nyt avattu luisteluun. Kent\u00e4ll\u00e4 on valot p\u00e4\u00e4ll\u00e4 klo 16-21. Kent\u00e4lt\u00e4 l\u00f6ytyy 3 luistelutukea, maalit ja laavu. Laavulta l\u00f6ytyy polttopuita makkaratulien tekoon.<br \/><br \/>Kentt\u00e4 l\u00f6ytyy osoitteesta Vuorelantie. Ajo-ohje: k\u00e4\u00e4nny Kustavintielt\u00e4 Vallilantielle ja entisen Irjalan koulun j\u00e4lkeen vasemmalle Vuorelantielle.<br \/>L\u00e4mmin kiitos j\u00e4lleen Aaltosen Jarille kent\u00e4n j\u00e4\u00e4dytyksest\u00e4!<\/p>\r\n\r\n\r\n\r\n<figure class=\"wp-block-image size-large\"><img loading=\"lazy\" decoding=\"async\" width=\"1024\" height=\"768\" class=\"wp-image-1050\" src=\"https:\/\/rautila.fi\/wp-content\/uploads\/2025\/01\/Irjala-5.1.2025-1024x768.jpg\" alt=\"\" srcset=\"https:\/\/rautila.fi\/wp-content\/uploads\/2025\/01\/Irjala-5.1.2025-1024x768.jpg 1024w, https:\/\/rautila.fi\/wp-content\/uploads\/2025\/01\/Irjala-5.1.2025-300x225.jpg 300w, https:\/\/rautila.fi\/wp-content\/uploads\/2025\/01\/Irjala-5.1.2025-768x576.jpg 768w, https:\/\/rautila.fi\/wp-content\/uploads\/2025\/01\/Irjala-5.1.2025-1536x1152.jpg 1536w, https:\/\/rautila.fi\/wp-content\/uploads\/2025\/01\/Irjala-5.1.2025.jpg 1824w\" sizes=\"auto, (max-width: 1024px) 100vw, 1024px\" \/><\/figure>\r\n","protected":false},"excerpt":{"rendered":"<p>Luistelukausi p\u00e4\u00e4ttynyt maaliskuu 2025. Suuri kiitos kent\u00e4n j\u00e4\u00e4dytt\u00e4jille! &nbsp; Irjalan kentt\u00e4 on nyt avattu luisteluun. Kent\u00e4ll\u00e4 on valot p\u00e4\u00e4ll\u00e4 klo 16-21. Kent\u00e4lt\u00e4 l\u00f6ytyy 3 luistelutukea, maalit ja laavu. Laavulta l\u00f6ytyy polttopuita makkaratulien tekoon. Kentt\u00e4 l\u00f6ytyy osoitteesta Vuorelantie. Ajo-ohje: k\u00e4\u00e4nny Kustavintielt\u00e4 &hellip; <a href=\"https:\/\/rautila.fi\/index.php\/2025\/01\/05\/irjalan-luistelukentta-avattu\/\">Lue loppuun <span class=\"meta-nav\">&rarr;<\/span><\/a><\/p>\n","protected":false},"author":2,"featured_media":0,"comment_status":"closed","ping_status":"closed","sticky":false,"template":"","format":"standard","meta":{"footnotes":""},"categories":[3],"tags":[],"class_list":["post-1049","post","type-post","status-publish","format-standard","hentry","category-ajankohtaista"],"jetpack_featured_media_url":"","_links":{"self":[{"href":"https:\/\/rautila.fi\/index.php\/wp-json\/wp\/v2\/posts\/1049","targetHints":{"allow":["GET"]}}],"collection":[{"href":"https:\/\/rautila.fi\/index.php\/wp-json\/wp\/v2\/posts"}],"about":[{"href":"https:\/\/rautila.fi\/index.php\/wp-json\/wp\/v2\/types\/post"}],"author":[{"embeddable":true,"href":"https:\/\/rautila.fi\/index.php\/wp-json\/wp\/v2\/users\/2"}],"replies":[{"embeddable":true,"href":"https:\/\/rautila.fi\/index.php\/wp-json\/wp\/v2\/comments?post=1049"}],"version-history":[{"count":3,"href":"https:\/\/rautila.fi\/index.php\/wp-json\/wp\/v2\/posts\/1049\/revisions"}],"predecessor-version":[{"id":1064,"href":"https:\/\/rautila.fi\/index.php\/wp-json\/wp\/v2\/posts\/1049\/revisions\/1064"}],"wp:attachment":[{"href":"https:\/\/rautila.fi\/index.php\/wp-json\/wp\/v2\/media?parent=1049"}],"wp:term":[{"taxonomy":"category","embeddable":true,"href":"https:\/\/rautila.fi\/index.php\/wp-json\/wp\/v2\/categories?post=1049"},{"taxonomy":"post_tag","embeddable":true,"href":"https:\/\/rautila.fi\/index.php\/wp-json\/wp\/v2\/tags?post=1049"}],"curies":[{"name":"wp","href":"https:\/\/api.w.org\/{rel}","templated":true}]}}